{"id":200,"date":"2023-09-28T22:17:37","date_gmt":"2023-09-28T20:17:37","guid":{"rendered":"https:\/\/nica.network\/?p=200"},"modified":"2025-03-11T21:13:38","modified_gmt":"2025-03-11T20:13:38","slug":"egy-egyesuelet-alapitasa","status":"publish","type":"post","link":"https:\/\/nica.network\/hu\/vereinsgruendung\/","title":{"rendered":"Az egyes\u00fclet alap\u00edt\u00e1sa"},"content":{"rendered":"<p><style>\/*! elementor - v3.16.0 - 20-09-2023 *\/<br \/>\n.elementor-widget-image-box .elementor-image-box-content{width:100%}@media (min-width:768px){.elementor-widget-image-box.elementor-position-left .elementor-image-box-wrapper,.elementor-widget-image-box.elementor-position-right .elementor-image-box-wrapper{display:flex}.elementor-widget-image-box.elementor-position-right .elementor-image-box-wrapper{text-align:right;flex-direction:row-reverse}.elementor-widget-image-box.elementor-position-left .elementor-image-box-wrapper{text-align:left;flex-direction:row}.elementor-widget-image-box.elementor-position-top .elementor-image-box-img{margin:auto}.elementor-widget-image-box.elementor-vertical-align-top .elementor-image-box-wrapper{align-items:flex-start}.elementor-widget-image-box.elementor-vertical-align-middle .elementor-image-box-wrapper{align-items:center}.elementor-widget-image-box.elementor-vertical-align-bottom .elementor-image-box-wrapper{align-items:flex-end}}@media (max-width:767px){.elementor-widget-image-box .elementor-image-box-img{margin-left:auto!important;margin-right:auto!important;margin-bottom:15px}}.elementor-widget-image-box .elementor-image-box-img{display:inline-block}.elementor-widget-image-box .elementor-image-box-title a{color:inherit}.elementor-widget-image-box .elementor-image-box-wrapper{text-align:center}.elementor-widget-image-box .elementor-image-box-description{margin:0}<\/style><\/p>\n\n\n\n<h3 class=\"wp-block-heading\">A NICA e.V. hivatalos alap\u00edtv\u00e1nya.<br>A befogad\u00f3 cirkuszm\u0171v\u00e9szet h\u00e1l\u00f3zat\u00e1nak l\u00e9trehoz\u00e1sa<\/h3>\n\n\n\n<p>\u00d6r\u00f6mmel t\u00e1j\u00e9koztatjuk \u00d6n\u00f6ket, hogy 2023. szeptember 3-\u00e1n fontos m\u00e9rf\u00f6ldk\u0151h\u00f6z \u00e9rkezt\u00fcnk a befogad\u00f3 cirkuszvil\u00e1gban: A NICA e.V., a \"H\u00e1l\u00f3zat az inkluz\u00edv cirkuszm\u0171v\u00e9szet\u00e9rt\/az inkluz\u00edv cirkuszm\u0171v\u00e9szet\u00e9rt\" hivatalos megalap\u00edt\u00e1sa.<br><br>Az alap\u00edt\u00e1st k\u00fcl\u00f6nleges rendezv\u00e9nnyel \u00fcnnepelt\u00e9k: Az alap\u00edt\u00f3 tagok tal\u00e1lkoz\u00f3ja egy parkban, egy nagy adag sushi t\u00e1rsas\u00e1g\u00e1ban - ez volt az egyes\u00fclet\u00fcnk rendhagy\u00f3, de eml\u00e9kezetes kiindul\u00f3pontja.<br><br>A NICA e.V. nem csup\u00e1n egy cirkuszm\u0171v\u00e9szeti platform, hanem egy ambici\u00f3zus projekt, amelynek c\u00e9lja, hogy folytassa \u00e9s fokozza a befogad\u00e1s \u00fatj\u00e1t az el\u0151ad\u00f3m\u0171v\u00e9szetben. Az egyes\u00fclet megalap\u00edt\u00e1s\u00e1val olyan jogi keretet teremtett\u00fcnk, amely lehet\u0151v\u00e9 teszi sz\u00e1munkra, hogy c\u00e9ljainkat szisztematikusan \u00e9s szervezetten val\u00f3s\u00edtsuk meg.<\/p>\n\n\n\n<p>M\u00e1r megkezdt\u00fck az els\u0151 projektp\u00e1ly\u00e1zatok beny\u00fajt\u00e1s\u00e1t. \u00cdgy sz\u00e1nd\u00e9kunkat konkr\u00e9t tettekre v\u00e1ltjuk \u00e1t, \u00e9s vil\u00e1goss\u00e1 tessz\u00fck, hogy a NICA t\u00f6bb mint egy embercsoport v\u00edzi\u00f3ja - akt\u00edvan hozz\u00e1j\u00e1rul egy befogad\u00f3 cirkuszvil\u00e1g kialak\u00edt\u00e1s\u00e1hoz.<\/p>\n\n\n\n<p>A p\u00e1ly\u00e1zati folyamattal p\u00e1rhuzamosan lefektett\u00fck digit\u00e1lis infrastrukt\u00far\u00e1nk technikai alapjait. Ez lehet\u0151s\u00e9get biztos\u00edt sz\u00e1munkra a hat\u00e9kony munkav\u00e9gz\u00e9sre, az eszmecser\u00e9re \u00e9s a projektjeink bels\u0151 \u00e9s nyilv\u00e1nos bemutat\u00e1s\u00e1ra egyar\u00e1nt professzion\u00e1lis m\u00f3don.<\/p>\n\n\n\n<p>A NICA e.V. megalap\u00edt\u00e1s\u00e1val a befogad\u00f3 cirkuszm\u0171v\u00e9szet folyamatos n\u00e9pszer\u0171s\u00edt\u00e9s\u00e9t \u00e9s er\u0151s\u00edt\u00e9s\u00e9t v\u00e1llaljuk. Izgatottan v\u00e1rjuk a j\u00f6v\u0151t, \u00e9s \u00f6r\u00f6mmel tekint\u00fcnk a t\u00e1mogat\u00e1s \u00e9s egy\u00fcttm\u0171k\u00f6d\u00e9s minden form\u00e1ja el\u00e9.<\/p>\n\n\n\n<p>A NICA e.V. megalap\u00edt\u00e1sa egy izgalmas utaz\u00e1s kezdete. \u00d6n\u00f6kkel egy\u00fctt olyan j\u00f6v\u0151 el\u00e9 n\u00e9z\u00fcnk, amelyben a befogad\u00f3 cirkuszm\u0171v\u00e9szet megtal\u00e1lja hely\u00e9t t\u00e1rsadalmunk sz\u00edv\u00e9ben.<\/p>\n\n\n\n<p>K\u00f6sz\u00f6nj\u00fck \u00e9rdekl\u0151d\u00e9s\u00e9t \u00e9s t\u00e1mogat\u00e1s\u00e1t!<\/p>","protected":false},"excerpt":{"rendered":"<p>Offizielle Gr\u00fcndung des NICA e.V.Etablierung eines Netzwerks f\u00fcr inklusive Zirkusk\u00fcnste Wir freuen uns, Euch mitteilen zu d\u00fcrfen, dass am 03.09.2023 ein wichtiger Meilenstein in der inklusiven Zirkuslandschaft erreicht wurde: Die offizielle Gr\u00fcndung des NICA e.V., das &#8220;Network for\/of inclusive circus arts&#8221;. Mit einer Besonderheit wurde die Gr\u00fcndung gefeiert: Ein Treffen der Gr\u00fcndungsmitglieder in einem Park [&hellip;]<\/p>\n","protected":false},"author":1,"featured_media":206,"comment_status":"closed","ping_status":"closed","sticky":false,"template":"","format":"standard","meta":{"footnotes":""},"categories":[1],"tags":[],"class_list":["post-200","post","type-post","status-publish","format-standard","has-post-thumbnail","hentry","category-allgemein"],"_links":{"self":[{"href":"https:\/\/nica.network\/hu\/wp-json\/wp\/v2\/posts\/200","targetHints":{"allow":["GET"]}}],"collection":[{"href":"https:\/\/nica.network\/hu\/wp-json\/wp\/v2\/posts"}],"about":[{"href":"https:\/\/nica.network\/hu\/wp-json\/wp\/v2\/types\/post"}],"author":[{"embeddable":true,"href":"https:\/\/nica.network\/hu\/wp-json\/wp\/v2\/users\/1"}],"replies":[{"embeddable":true,"href":"https:\/\/nica.network\/hu\/wp-json\/wp\/v2\/comments?post=200"}],"version-history":[{"count":19,"href":"https:\/\/nica.network\/hu\/wp-json\/wp\/v2\/posts\/200\/revisions"}],"predecessor-version":[{"id":535,"href":"https:\/\/nica.network\/hu\/wp-json\/wp\/v2\/posts\/200\/revisions\/535"}],"wp:featuredmedia":[{"embeddable":true,"href":"https:\/\/nica.network\/hu\/wp-json\/wp\/v2\/media\/206"}],"wp:attachment":[{"href":"https:\/\/nica.network\/hu\/wp-json\/wp\/v2\/media?parent=200"}],"wp:term":[{"taxonomy":"category","embeddable":true,"href":"https:\/\/nica.network\/hu\/wp-json\/wp\/v2\/categories?post=200"},{"taxonomy":"post_tag","embeddable":true,"href":"https:\/\/nica.network\/hu\/wp-json\/wp\/v2\/tags?post=200"}],"curies":[{"name":"wp","href":"https:\/\/api.w.org\/{rel}","templated":true}]}}