{"id":200,"date":"2023-09-28T22:17:37","date_gmt":"2023-09-28T20:17:37","guid":{"rendered":"https:\/\/nica.network\/?p=200"},"modified":"2025-03-11T21:13:38","modified_gmt":"2025-03-11T20:13:38","slug":"creation-dune-association","status":"publish","type":"post","link":"https:\/\/nica.network\/fr\/vereinsgruendung\/","title":{"rendered":"Cr\u00e9ation d'une association"},"content":{"rendered":"<p><style>\/*! elementor - v3.16.0 - 20-09-2023 *\/<br \/>\n.elementor-widget-image-box .elementor-image-box-content{width:100%}@media (min-width:768px){.elementor-widget-image-box.elementor-position-left .elementor-image-box-wrapper,.elementor-widget-image-box.elementor-position-right .elementor-image-box-wrapper{display:flex}.elementor-widget-image-box.elementor-position-right .elementor-image-box-wrapper{text-align:right;flex-direction:row-reverse}.elementor-widget-image-box.elementor-position-left .elementor-image-box-wrapper{text-align:left;flex-direction:row}.elementor-widget-image-box.elementor-position-top .elementor-image-box-img{margin:auto}.elementor-widget-image-box.elementor-vertical-align-top .elementor-image-box-wrapper{align-items:flex-start}.elementor-widget-image-box.elementor-vertical-align-middle .elementor-image-box-wrapper{align-items:center}.elementor-widget-image-box.elementor-vertical-align-bottom .elementor-image-box-wrapper{align-items:flex-end}}@media (max-width:767px){.elementor-widget-image-box .elementor-image-box-img{margin-left:auto!important;margin-right:auto!important;margin-bottom:15px}}.elementor-widget-image-box .elementor-image-box-img{display:inline-block}.elementor-widget-image-box .elementor-image-box-title a{color:inherit}.elementor-widget-image-box .elementor-image-box-wrapper{text-align:center}.elementor-widget-image-box .elementor-image-box-description{margin:0}<\/style><\/p>\n\n\n\n<h3 class=\"wp-block-heading\">Cr\u00e9ation officielle du NICA e.V.<br>Mise en place d'un r\u00e9seau pour les arts du cirque inclusifs<\/h3>\n\n\n\n<p>Nous avons le plaisir de vous annoncer que le 03.09.2023, une \u00e9tape importante a \u00e9t\u00e9 franchie dans le paysage du cirque inclusif : La cr\u00e9ation officielle du NICA e.V., le \"Network for\/of inclusive circus arts\".<br><br>La fondation a \u00e9t\u00e9 c\u00e9l\u00e9br\u00e9e avec une particularit\u00e9 : Une r\u00e9union des membres fondateurs dans un parc avec une grande portion de sushis - un point de d\u00e9part peu conventionnel mais n\u00e9anmoins m\u00e9morable pour notre association.<br><br>NICA e.V. n'est pas seulement une plateforme pour les arts du cirque, mais un projet ambitieux qui souhaite poursuivre et intensifier la voie de l'inclusion dans les arts de la sc\u00e8ne sur laquelle nous nous sommes engag\u00e9s. En cr\u00e9ant l'association, nous nous sommes dot\u00e9s d'un cadre juridique qui nous permet de mettre en \u0153uvre nos objectifs de mani\u00e8re syst\u00e9matique et organis\u00e9e.<\/p>\n\n\n\n<p>Nous avons d\u00e9j\u00e0 commenc\u00e9 \u00e0 soumettre les premi\u00e8res demandes de projets. Nous traduisons ainsi notre intention en actions concr\u00e8tes et montrons clairement que le NICA est plus que la vision d'un groupe de personnes - c'est une contribution active \u00e0 la cr\u00e9ation d'un monde du cirque inclusif.<\/p>\n\n\n\n<p>Parall\u00e8lement au d\u00e9p\u00f4t des demandes, nous avons pos\u00e9 les bases techniques de notre infrastructure num\u00e9rique. Celle-ci nous ouvre la possibilit\u00e9 de travailler efficacement, d'\u00e9changer des id\u00e9es et de pr\u00e9senter nos projets de mani\u00e8re professionnelle, tant en interne qu'en public.<\/p>\n\n\n\n<p>Avec la cr\u00e9ation de l'association NICA e.V., nous acceptons la mission de promouvoir et de renforcer continuellement les arts du cirque inclusifs. Pour ce faire, nous regardons vers l'avenir avec impatience et nous nous r\u00e9jouissons de toute forme de soutien et de collaboration.<\/p>\n\n\n\n<p>La cr\u00e9ation de l'association NICA e.V. est le d\u00e9but d'un voyage passionnant. Avec vous, nous nous r\u00e9jouissons d'un avenir dans lequel les arts du cirque inclusifs trouveront leur place au c\u0153ur de notre soci\u00e9t\u00e9.<\/p>\n\n\n\n<p>Nous vous remercions de votre int\u00e9r\u00eat et de votre soutien !<\/p>","protected":false},"excerpt":{"rendered":"<p>Offizielle Gr\u00fcndung des NICA e.V.Etablierung eines Netzwerks f\u00fcr inklusive Zirkusk\u00fcnste Wir freuen uns, Euch mitteilen zu d\u00fcrfen, dass am 03.09.2023 ein wichtiger Meilenstein in der inklusiven Zirkuslandschaft erreicht wurde: Die offizielle Gr\u00fcndung des NICA e.V., das &#8220;Network for\/of inclusive circus arts&#8221;. Mit einer Besonderheit wurde die Gr\u00fcndung gefeiert: Ein Treffen der Gr\u00fcndungsmitglieder in einem Park [&hellip;]<\/p>\n","protected":false},"author":1,"featured_media":206,"comment_status":"closed","ping_status":"closed","sticky":false,"template":"","format":"standard","meta":{"footnotes":""},"categories":[1],"tags":[],"class_list":["post-200","post","type-post","status-publish","format-standard","has-post-thumbnail","hentry","category-allgemein"],"_links":{"self":[{"href":"https:\/\/nica.network\/fr\/wp-json\/wp\/v2\/posts\/200","targetHints":{"allow":["GET"]}}],"collection":[{"href":"https:\/\/nica.network\/fr\/wp-json\/wp\/v2\/posts"}],"about":[{"href":"https:\/\/nica.network\/fr\/wp-json\/wp\/v2\/types\/post"}],"author":[{"embeddable":true,"href":"https:\/\/nica.network\/fr\/wp-json\/wp\/v2\/users\/1"}],"replies":[{"embeddable":true,"href":"https:\/\/nica.network\/fr\/wp-json\/wp\/v2\/comments?post=200"}],"version-history":[{"count":19,"href":"https:\/\/nica.network\/fr\/wp-json\/wp\/v2\/posts\/200\/revisions"}],"predecessor-version":[{"id":535,"href":"https:\/\/nica.network\/fr\/wp-json\/wp\/v2\/posts\/200\/revisions\/535"}],"wp:featuredmedia":[{"embeddable":true,"href":"https:\/\/nica.network\/fr\/wp-json\/wp\/v2\/media\/206"}],"wp:attachment":[{"href":"https:\/\/nica.network\/fr\/wp-json\/wp\/v2\/media?parent=200"}],"wp:term":[{"taxonomy":"category","embeddable":true,"href":"https:\/\/nica.network\/fr\/wp-json\/wp\/v2\/categories?post=200"},{"taxonomy":"post_tag","embeddable":true,"href":"https:\/\/nica.network\/fr\/wp-json\/wp\/v2\/tags?post=200"}],"curies":[{"name":"wp","href":"https:\/\/api.w.org\/{rel}","templated":true}]}}